{"id":100,"date":"2024-03-26T20:13:24","date_gmt":"2024-03-26T19:13:24","guid":{"rendered":"https:\/\/www.akaconseil.com\/?p=100"},"modified":"2024-03-26T20:13:24","modified_gmt":"2024-03-26T19:13:24","slug":"cycle-de-formation-pour-le-ministere-de-la-culture","status":"publish","type":"post","link":"http:\/\/www.akaconseil.com\/index.php\/2024\/03\/26\/cycle-de-formation-pour-le-ministere-de-la-culture\/","title":{"rendered":"Cycle de formation pour le minist\u00e8re de la Culture"},"content":{"rendered":"\n<p><strong>Quoi\u00a0?<\/strong><\/p>\n\n\n\n<p>Construction d\u2019une formation sur le sujet de l\u2019usage des outils num\u00e9rique dans la m\u00e9diation et la communication patrimoniale.<\/p>\n\n\n\n<p><strong>Comment\u00a0?<\/strong><\/p>\n\n\n\n<p>Formation en pr\u00e9sentiel.<\/p>\n\n\n\n<p><strong>Le d\u00e9fi.<\/strong><\/p>\n\n\n\n<p>Cr\u00e9er un cycle de formation sur le sujet de l\u2019usage des r\u00e9seaux sociaux, pour un public dont la sp\u00e9cialit\u00e9 est la m\u00e9diation et non le num\u00e9rique.<\/p>\n\n\n\n<p><strong>Quelle solution\u00a0?<\/strong><\/p>\n\n\n\n<p>Nous avons con\u00e7u un cycle de 5 formations, r\u00e9parties en 2 parcours. Cela permettait d\u2019avoir une approche sp\u00e9cifique aux diff\u00e9rents profils m\u00e9tiers&nbsp;: d\u2019une part ceux qui travaillaient sur la conduite de projet (avec 2 formations compl\u00e9mentaires) et d\u2019autre par ceux qui travaillaient sur les contenus (avec 2 autres formations compl\u00e9mentaires). Les deux parcours fusionnaient pour la cinqui\u00e8me formation qui en \u00e9tait l\u2019aboutissement.<\/p>\n\n\n\n<p>Le cycle de formation \u00e9tait fortement centr\u00e9 utilisateur, mais abordait \u00e9galement des probl\u00e9matiques tr\u00e8s pr\u00e9cises, concr\u00e8tes et connues des m\u00e9tiers du patrimoine. La fin du cycle \u00e9tait une v\u00e9ritable ouverture sur des m\u00e9thodologies nouvelles d\u2019\u00e9critures num\u00e9riques, pr\u00e9figurant des usages actuellement en train de se d\u00e9velopper ou encore \u00e0 venir.<\/p>\n\n\n\n<p>Les stagiaires qui suivaient ces formations repartaient \u00e0 la fois avec des outils directement applicables dans leurs m\u00e9tiers, mais aussi des notions et des mises en perspectives qui favorisaient une approche innovante \u00e0 tester aupr\u00e8s de leurs coll\u00e8gues et tutelles.<\/p>\n\n\n\n<p>Enfin, la d\u00e9marche mise en \u0153uvre est celle de l\u2019atelier \u2013 soutenu par une approche th\u00e9orique. Le fait de produire et manipuler des \u00e9l\u00e9ments durant la formation&nbsp;:<\/p>\n\n\n\n<ul class=\"wp-block-list\">\n<li>Permet de mettre en \u0153uvre une m\u00e9thode qui permet un apprentissage plus efficace, sur inspir\u00e9e du Design Thinking<\/li>\n\n\n\n<li>Autorise une reprise en main des outils et notions moins stressante, une fois retourn\u00e9.e \u00e0 son poste<\/li>\n\n\n\n<li>Met \u00e0 un niveau identique des tou.te.s les participant.e.s \u00e0 la formantion, de sorte \u00e0 faciliter les \u00e9changes et autoriser chacun.e \u00e0 r\u00e9interroger ses propres connaissances ou \u00e0 assumer ses m\u00e9connaissances pour les d\u00e9passer.<\/li>\n<\/ul>\n\n\n\n<p><strong>Le point de vue personnel\u00a0:<\/strong><\/p>\n\n\n\n<p>Le projet de cycle de formation a d\u2019abord commenc\u00e9 en solo, puis s\u2019est pr\u00e9cis\u00e9 en collaboration avec Antoine Roland.<\/p>\n\n\n\n<p>Je me permets un peu de nostalgie, puisque m\u00eame si je continue \u00e0 dispenser certains blocs de cette formation (notamment au sein du catalogue du CNFPT du Nord), le construction de ce cycle a eu lieu avant que la derni\u00e8re r\u00e9forme de la formation n\u2019entre en vigueur au minist\u00e8re. Avant cela, l\u2019approche m\u00e9tier \u00e9tait extr\u00eamement valoris\u00e9e. De fait, nous avons inclus les sp\u00e9cificit\u00e9s d\u2019une communication num\u00e9rique dans le cadre de la culture patrimoniale au programme. Cette approche pr\u00e9cise et r\u00e9aliste a de nombreuses fois permis d\u2019emporter l\u2019adh\u00e9sion des stagiaires de ces formations, qui n\u2019y trouvaient pas qu\u2019une simple approche de communication, mais une v\u00e9ritable m\u00e9thodologie transversale de m\u00e9diation num\u00e9rique utilisant des outils de communication num\u00e9rique.<\/p>\n","protected":false},"excerpt":{"rendered":"<p>AKA a con\u00e7u un cycle de formation pour les professionnels de la culture, dans l&#8217;objectif d&#8217;une mise en \u0153uvre des r\u00e9seaux sociaux selon les enjeux du patrimoine <\/p>\n","protected":false},"author":1,"featured_media":101,"comment_status":"closed","ping_status":"open","sticky":false,"template":"","format":"standard","meta":{"footnotes":""},"categories":[10],"tags":[15,18,11],"class_list":["post-100","post","type-post","status-publish","format-standard","has-post-thumbnail","hentry","category-missions-accomplies","tag-accompagnement-au-changement","tag-formation","tag-reseaux-sociaux"],"_links":{"self":[{"href":"http:\/\/www.akaconseil.com\/index.php\/wp-json\/wp\/v2\/posts\/100","targetHints":{"allow":["GET"]}}],"collection":[{"href":"http:\/\/www.akaconseil.com\/index.php\/wp-json\/wp\/v2\/posts"}],"about":[{"href":"http:\/\/www.akaconseil.com\/index.php\/wp-json\/wp\/v2\/types\/post"}],"author":[{"embeddable":true,"href":"http:\/\/www.akaconseil.com\/index.php\/wp-json\/wp\/v2\/users\/1"}],"replies":[{"embeddable":true,"href":"http:\/\/www.akaconseil.com\/index.php\/wp-json\/wp\/v2\/comments?post=100"}],"version-history":[{"count":1,"href":"http:\/\/www.akaconseil.com\/index.php\/wp-json\/wp\/v2\/posts\/100\/revisions"}],"predecessor-version":[{"id":102,"href":"http:\/\/www.akaconseil.com\/index.php\/wp-json\/wp\/v2\/posts\/100\/revisions\/102"}],"wp:featuredmedia":[{"embeddable":true,"href":"http:\/\/www.akaconseil.com\/index.php\/wp-json\/wp\/v2\/media\/101"}],"wp:attachment":[{"href":"http:\/\/www.akaconseil.com\/index.php\/wp-json\/wp\/v2\/media?parent=100"}],"wp:term":[{"taxonomy":"category","embeddable":true,"href":"http:\/\/www.akaconseil.com\/index.php\/wp-json\/wp\/v2\/categories?post=100"},{"taxonomy":"post_tag","embeddable":true,"href":"http:\/\/www.akaconseil.com\/index.php\/wp-json\/wp\/v2\/tags?post=100"}],"curies":[{"name":"wp","href":"https:\/\/api.w.org\/{rel}","templated":true}]}}